{"id":822,"date":"2024-03-12T11:17:26","date_gmt":"2024-03-12T10:17:26","guid":{"rendered":"https:\/\/clubbusinesscevennes.fr\/?p=822"},"modified":"2024-03-12T11:18:22","modified_gmt":"2024-03-12T10:18:22","slug":"formation-reseaux-sociaux-28-fevrier-2024","status":"publish","type":"post","link":"https:\/\/clubbusinesscevennes.fr\/index.php\/2024\/03\/12\/formation-reseaux-sociaux-28-fevrier-2024\/","title":{"rendered":"Formation le 28 F\u00e9vrier 2024"},"content":{"rendered":"\n<p>Formation R\u00e9seaux sociaux Lyc\u00e9e Jacques Pr\u00e9vert de Saint Christol lez Al\u00e8s assur\u00e9e par <a href=\"https:\/\/www.facebook.com\/profile.php?id=100089835801250&amp;__cft__[0]=AZVo2FLFFEPX2vT_HzOxe4WCdPBDJl1KaAbaEbh9zCY3hqbGDsiYwRPqyrJB84YFCY1i_UwGbftThG-V6n13dtQp8831DneGBDk_y6Sjpg6sEuMwK_EO-PZhlsfzbveeMyP-NnYuE1QYXC9Nt9K5peJP2UYV9_brnR6udVwAvW4-xLf-QEnUUqOeXtHLL11IL3E&amp;__tn__=-]K-R\">Marie Bouchet-Vieljeuf CM<\/a> Community Manager sur Al\u00e8s. En pr\u00e9sence de 2 classes du Lyc\u00e9e, Marie nous a pr\u00e9sent\u00e9 les fondamentaux du r\u00e9seau pro LinkedIn.<\/p>\n\n\n\n<p><\/p>\n\n\n\n<p><a href=\"https:\/\/www.facebook.com\/photo\/?fbid=942380124560090&amp;set=pcb.942380297893406&amp;__cft__[0]=AZVo2FLFFEPX2vT_HzOxe4WCdPBDJl1KaAbaEbh9zCY3hqbGDsiYwRPqyrJB84YFCY1i_UwGbftThG-V6n13dtQp8831DneGBDk_y6Sjpg6sEuMwK_EO-PZhlsfzbveeMyP-NnYuE1QYXC9Nt9K5peJP2UYV9_brnR6udVwAvW4-xLf-QEnUUqOeXtHLL11IL3E&amp;__tn__=*bH-R\"><\/a><\/p>\n\n\n\n<figure class=\"wp-block-image\"><a href=\"https:\/\/www.facebook.com\/photo\/?fbid=942380124560090&amp;set=pcb.942380297893406&amp;__cft__[0]=AZVo2FLFFEPX2vT_HzOxe4WCdPBDJl1KaAbaEbh9zCY3hqbGDsiYwRPqyrJB84YFCY1i_UwGbftThG-V6n13dtQp8831DneGBDk_y6Sjpg6sEuMwK_EO-PZhlsfzbveeMyP-NnYuE1QYXC9Nt9K5peJP2UYV9_brnR6udVwAvW4-xLf-QEnUUqOeXtHLL11IL3E&amp;__tn__=*bH-R\"><img decoding=\"async\" src=\"https:\/\/scontent-cdg4-2.xx.fbcdn.net\/v\/t39.30808-6\/429658670_942380121226757_7316771086162211846_n.jpg?stp=dst-jpg_s600x600&amp;_nc_cat=107&amp;cb=99be929b-8d691acd&amp;ccb=1-7&amp;_nc_sid=5f2048&amp;_nc_ohc=mJV9UCmROCYAX97lTJd&amp;_nc_ht=scontent-cdg4-2.xx&amp;oh=00_AfCt59q1-26eM1kn18BG4PxkopKquJ9GUVTt7oClFYsYDg&amp;oe=65F553E5\" alt=\"\"\/><\/a><\/figure>\n\n\n\n<p><a href=\"https:\/\/www.facebook.com\/photo\/?fbid=942380147893421&amp;set=pcb.942380297893406&amp;__cft__[0]=AZVo2FLFFEPX2vT_HzOxe4WCdPBDJl1KaAbaEbh9zCY3hqbGDsiYwRPqyrJB84YFCY1i_UwGbftThG-V6n13dtQp8831DneGBDk_y6Sjpg6sEuMwK_EO-PZhlsfzbveeMyP-NnYuE1QYXC9Nt9K5peJP2UYV9_brnR6udVwAvW4-xLf-QEnUUqOeXtHLL11IL3E&amp;__tn__=*bH-R\"><\/a><\/p>\n\n\n\n<figure class=\"wp-block-image\"><a href=\"https:\/\/www.facebook.com\/photo\/?fbid=942380147893421&amp;set=pcb.942380297893406&amp;__cft__[0]=AZVo2FLFFEPX2vT_HzOxe4WCdPBDJl1KaAbaEbh9zCY3hqbGDsiYwRPqyrJB84YFCY1i_UwGbftThG-V6n13dtQp8831DneGBDk_y6Sjpg6sEuMwK_EO-PZhlsfzbveeMyP-NnYuE1QYXC9Nt9K5peJP2UYV9_brnR6udVwAvW4-xLf-QEnUUqOeXtHLL11IL3E&amp;__tn__=*bH-R\"><img decoding=\"async\" src=\"https:\/\/scontent-cdg4-1.xx.fbcdn.net\/v\/t39.30808-6\/430134364_942380144560088_6317670828090456391_n.jpg?stp=dst-jpg_s600x600&amp;_nc_cat=102&amp;cb=99be929b-8d691acd&amp;ccb=1-7&amp;_nc_sid=5f2048&amp;_nc_ohc=ui5DqP2agY8AX89iQ9Q&amp;_nc_ht=scontent-cdg4-1.xx&amp;oh=00_AfAK9cTBxYZprYTzkVW0nsP8HNQqL2z-Jmlvhqe6I9i9VQ&amp;oe=65F478D5\" alt=\"\"\/><\/a><\/figure>\n\n\n\n\n\n<p>Toutes les r\u00e9actions&nbsp;:<\/p>\n\n\n\n<p>1111<\/p>\n","protected":false},"excerpt":{"rendered":"<p>Formation R\u00e9seaux sociaux Lyc\u00e9e Jacques Pr\u00e9vert de Saint Christol lez Al\u00e8s assur\u00e9e par Marie Bouchet-Vieljeuf CM Community Manager sur Al\u00e8s. En pr\u00e9sence de 2 classes du Lyc\u00e9e, Marie nous a pr\u00e9sent\u00e9 les fondamentaux du r\u00e9seau pro LinkedIn. Toutes les r\u00e9actions&nbsp;: 1111<\/p>\n","protected":false},"author":1,"featured_media":823,"comment_status":"open","ping_status":"open","sticky":false,"template":"","format":"standard","meta":{"footnotes":""},"categories":[1],"tags":[],"class_list":["post-822","post","type-post","status-publish","format-standard","has-post-thumbnail","hentry","category-non-classe"],"yoast_head":"<!-- This site is optimized with the Yoast SEO plugin v27.3 - https:\/\/yoast.com\/product\/yoast-seo-wordpress\/ -->\n<title>Formation le 28 F\u00e9vrier 2024 - CLUB BUSINESS CEVENNES<\/title>\n<meta name=\"description\" content=\"CLUB BUSINESS CEVENNES Formation le 28 F\u00e9vrier 2024\" \/>\n<meta name=\"robots\" content=\"index, follow, max-snippet:-1, max-image-preview:large, max-video-preview:-1\" \/>\n<link rel=\"canonical\" href=\"https:\/\/clubbusinesscevennes.fr\/index.php\/2024\/03\/12\/formation-reseaux-sociaux-28-fevrier-2024\/\" \/>\n<meta property=\"og:locale\" content=\"fr_FR\" \/>\n<meta property=\"og:type\" content=\"article\" \/>\n<meta property=\"og:title\" content=\"Formation le 28 F\u00e9vrier 2024 - CLUB BUSINESS CEVENNES\" \/>\n<meta property=\"og:description\" content=\"CLUB BUSINESS CEVENNES Formation le 28 F\u00e9vrier 2024\" \/>\n<meta property=\"og:url\" content=\"https:\/\/clubbusinesscevennes.fr\/index.php\/2024\/03\/12\/formation-reseaux-sociaux-28-fevrier-2024\/\" \/>\n<meta property=\"og:site_name\" content=\"CLUB BUSINESS CEVENNES\" \/>\n<meta property=\"article:publisher\" content=\"https:\/\/www.facebook.com\/clubbusinesscevennes\/\" \/>\n<meta property=\"article:published_time\" content=\"2024-03-12T10:17:26+00:00\" \/>\n<meta property=\"article:modified_time\" content=\"2024-03-12T10:18:22+00:00\" \/>\n<meta property=\"og:image\" content=\"https:\/\/clubbusinesscevennes.fr\/wp-content\/uploads\/2024\/03\/Formation-min.jpg\" \/>\n\t<meta property=\"og:image:width\" content=\"480\" \/>\n\t<meta property=\"og:image:height\" content=\"640\" \/>\n\t<meta property=\"og:image:type\" content=\"image\/jpeg\" \/>\n<meta name=\"author\" content=\"Club Business C\u00e9vennes\" \/>\n<meta name=\"twitter:card\" content=\"summary_large_image\" \/>\n<meta name=\"twitter:label1\" content=\"\u00c9crit par\" \/>\n\t<meta name=\"twitter:data1\" content=\"Club Business C\u00e9vennes\" \/>\n\t<meta name=\"twitter:label2\" content=\"Dur\u00e9e de lecture estim\u00e9e\" \/>\n\t<meta name=\"twitter:data2\" content=\"2 minutes\" \/>\n<script type=\"application\/ld+json\" class=\"yoast-schema-graph\">{\"@context\":\"https:\\\/\\\/schema.org\",\"@graph\":[{\"@type\":\"Article\",\"@id\":\"https:\\\/\\\/clubbusinesscevennes.fr\\\/index.php\\\/2024\\\/03\\\/12\\\/formation-reseaux-sociaux-28-fevrier-2024\\\/#article\",\"isPartOf\":{\"@id\":\"https:\\\/\\\/clubbusinesscevennes.fr\\\/index.php\\\/2024\\\/03\\\/12\\\/formation-reseaux-sociaux-28-fevrier-2024\\\/\"},\"author\":{\"name\":\"Club Business C\u00e9vennes\",\"@id\":\"https:\\\/\\\/clubbusinesscevennes.fr\\\/#\\\/schema\\\/person\\\/566320159fadd43c81a63d374168d7c4\"},\"headline\":\"Formation le 28 F\u00e9vrier 2024\",\"datePublished\":\"2024-03-12T10:17:26+00:00\",\"dateModified\":\"2024-03-12T10:18:22+00:00\",\"mainEntityOfPage\":{\"@id\":\"https:\\\/\\\/clubbusinesscevennes.fr\\\/index.php\\\/2024\\\/03\\\/12\\\/formation-reseaux-sociaux-28-fevrier-2024\\\/\"},\"wordCount\":55,\"commentCount\":0,\"publisher\":{\"@id\":\"https:\\\/\\\/clubbusinesscevennes.fr\\\/#organization\"},\"image\":{\"@id\":\"https:\\\/\\\/clubbusinesscevennes.fr\\\/index.php\\\/2024\\\/03\\\/12\\\/formation-reseaux-sociaux-28-fevrier-2024\\\/#primaryimage\"},\"thumbnailUrl\":\"https:\\\/\\\/clubbusinesscevennes.fr\\\/wp-content\\\/uploads\\\/2024\\\/03\\\/Formation-min.jpg\",\"inLanguage\":\"fr-FR\",\"potentialAction\":[{\"@type\":\"CommentAction\",\"name\":\"Comment\",\"target\":[\"https:\\\/\\\/clubbusinesscevennes.fr\\\/index.php\\\/2024\\\/03\\\/12\\\/formation-reseaux-sociaux-28-fevrier-2024\\\/#respond\"]}]},{\"@type\":\"WebPage\",\"@id\":\"https:\\\/\\\/clubbusinesscevennes.fr\\\/index.php\\\/2024\\\/03\\\/12\\\/formation-reseaux-sociaux-28-fevrier-2024\\\/\",\"url\":\"https:\\\/\\\/clubbusinesscevennes.fr\\\/index.php\\\/2024\\\/03\\\/12\\\/formation-reseaux-sociaux-28-fevrier-2024\\\/\",\"name\":\"Formation le 28 F\u00e9vrier 2024 - CLUB BUSINESS CEVENNES\",\"isPartOf\":{\"@id\":\"https:\\\/\\\/clubbusinesscevennes.fr\\\/#website\"},\"primaryImageOfPage\":{\"@id\":\"https:\\\/\\\/clubbusinesscevennes.fr\\\/index.php\\\/2024\\\/03\\\/12\\\/formation-reseaux-sociaux-28-fevrier-2024\\\/#primaryimage\"},\"image\":{\"@id\":\"https:\\\/\\\/clubbusinesscevennes.fr\\\/index.php\\\/2024\\\/03\\\/12\\\/formation-reseaux-sociaux-28-fevrier-2024\\\/#primaryimage\"},\"thumbnailUrl\":\"https:\\\/\\\/clubbusinesscevennes.fr\\\/wp-content\\\/uploads\\\/2024\\\/03\\\/Formation-min.jpg\",\"datePublished\":\"2024-03-12T10:17:26+00:00\",\"dateModified\":\"2024-03-12T10:18:22+00:00\",\"description\":\"CLUB BUSINESS CEVENNES Formation le 28 F\u00e9vrier 2024\",\"breadcrumb\":{\"@id\":\"https:\\\/\\\/clubbusinesscevennes.fr\\\/index.php\\\/2024\\\/03\\\/12\\\/formation-reseaux-sociaux-28-fevrier-2024\\\/#breadcrumb\"},\"inLanguage\":\"fr-FR\",\"potentialAction\":[{\"@type\":\"ReadAction\",\"target\":[\"https:\\\/\\\/clubbusinesscevennes.fr\\\/index.php\\\/2024\\\/03\\\/12\\\/formation-reseaux-sociaux-28-fevrier-2024\\\/\"]}]},{\"@type\":\"ImageObject\",\"inLanguage\":\"fr-FR\",\"@id\":\"https:\\\/\\\/clubbusinesscevennes.fr\\\/index.php\\\/2024\\\/03\\\/12\\\/formation-reseaux-sociaux-28-fevrier-2024\\\/#primaryimage\",\"url\":\"https:\\\/\\\/clubbusinesscevennes.fr\\\/wp-content\\\/uploads\\\/2024\\\/03\\\/Formation-min.jpg\",\"contentUrl\":\"https:\\\/\\\/clubbusinesscevennes.fr\\\/wp-content\\\/uploads\\\/2024\\\/03\\\/Formation-min.jpg\",\"width\":480,\"height\":640,\"caption\":\"Formation LinkedIn\"},{\"@type\":\"BreadcrumbList\",\"@id\":\"https:\\\/\\\/clubbusinesscevennes.fr\\\/index.php\\\/2024\\\/03\\\/12\\\/formation-reseaux-sociaux-28-fevrier-2024\\\/#breadcrumb\",\"itemListElement\":[{\"@type\":\"ListItem\",\"position\":1,\"name\":\"Accueil\",\"item\":\"https:\\\/\\\/clubbusinesscevennes.fr\\\/\"},{\"@type\":\"ListItem\",\"position\":2,\"name\":\"Non class\u00e9\",\"item\":\"https:\\\/\\\/clubbusinesscevennes.fr\\\/index.php\\\/category\\\/non-classe\\\/\"},{\"@type\":\"ListItem\",\"position\":3,\"name\":\"Formation le 28 F\u00e9vrier 2024\"}]},{\"@type\":\"WebSite\",\"@id\":\"https:\\\/\\\/clubbusinesscevennes.fr\\\/#website\",\"url\":\"https:\\\/\\\/clubbusinesscevennes.fr\\\/\",\"name\":\"CLUB BUSINESS CEVENNES\",\"description\":\"Le r\u00e9seau de chefs d&#039;entreprises du bassin Al\u00e9sien s\u00e9lectionn\u00e9s pour leurs valeurs.\",\"publisher\":{\"@id\":\"https:\\\/\\\/clubbusinesscevennes.fr\\\/#organization\"},\"potentialAction\":[{\"@type\":\"SearchAction\",\"target\":{\"@type\":\"EntryPoint\",\"urlTemplate\":\"https:\\\/\\\/clubbusinesscevennes.fr\\\/?s={search_term_string}\"},\"query-input\":{\"@type\":\"PropertyValueSpecification\",\"valueRequired\":true,\"valueName\":\"search_term_string\"}}],\"inLanguage\":\"fr-FR\"},{\"@type\":\"Organization\",\"@id\":\"https:\\\/\\\/clubbusinesscevennes.fr\\\/#organization\",\"name\":\"Club Business Cevennes\",\"url\":\"https:\\\/\\\/clubbusinesscevennes.fr\\\/\",\"logo\":{\"@type\":\"ImageObject\",\"inLanguage\":\"fr-FR\",\"@id\":\"https:\\\/\\\/clubbusinesscevennes.fr\\\/#\\\/schema\\\/logo\\\/image\\\/\",\"url\":\"https:\\\/\\\/clubbusinesscevennes.fr\\\/wp-content\\\/uploads\\\/2020\\\/10\\\/logo-cbc-.png\",\"contentUrl\":\"https:\\\/\\\/clubbusinesscevennes.fr\\\/wp-content\\\/uploads\\\/2020\\\/10\\\/logo-cbc-.png\",\"width\":402,\"height\":336,\"caption\":\"Club Business Cevennes\"},\"image\":{\"@id\":\"https:\\\/\\\/clubbusinesscevennes.fr\\\/#\\\/schema\\\/logo\\\/image\\\/\"},\"sameAs\":[\"https:\\\/\\\/www.facebook.com\\\/clubbusinesscevennes\\\/\"]},{\"@type\":\"Person\",\"@id\":\"https:\\\/\\\/clubbusinesscevennes.fr\\\/#\\\/schema\\\/person\\\/566320159fadd43c81a63d374168d7c4\",\"name\":\"Club Business C\u00e9vennes\",\"image\":{\"@type\":\"ImageObject\",\"inLanguage\":\"fr-FR\",\"@id\":\"https:\\\/\\\/secure.gravatar.com\\\/avatar\\\/5bf19075ea50202025d0767279475e2bd66f8574d5f3209e9abbc1fd1cd4a7ae?s=96&d=mm&r=g\",\"url\":\"https:\\\/\\\/secure.gravatar.com\\\/avatar\\\/5bf19075ea50202025d0767279475e2bd66f8574d5f3209e9abbc1fd1cd4a7ae?s=96&d=mm&r=g\",\"contentUrl\":\"https:\\\/\\\/secure.gravatar.com\\\/avatar\\\/5bf19075ea50202025d0767279475e2bd66f8574d5f3209e9abbc1fd1cd4a7ae?s=96&d=mm&r=g\",\"caption\":\"Club Business C\u00e9vennes\"}}]}<\/script>\n<!-- \/ Yoast SEO plugin. -->","yoast_head_json":{"title":"Formation le 28 F\u00e9vrier 2024 - CLUB BUSINESS CEVENNES","description":"CLUB BUSINESS CEVENNES Formation le 28 F\u00e9vrier 2024","robots":{"index":"index","follow":"follow","max-snippet":"max-snippet:-1","max-image-preview":"max-image-preview:large","max-video-preview":"max-video-preview:-1"},"canonical":"https:\/\/clubbusinesscevennes.fr\/index.php\/2024\/03\/12\/formation-reseaux-sociaux-28-fevrier-2024\/","og_locale":"fr_FR","og_type":"article","og_title":"Formation le 28 F\u00e9vrier 2024 - CLUB BUSINESS CEVENNES","og_description":"CLUB BUSINESS CEVENNES Formation le 28 F\u00e9vrier 2024","og_url":"https:\/\/clubbusinesscevennes.fr\/index.php\/2024\/03\/12\/formation-reseaux-sociaux-28-fevrier-2024\/","og_site_name":"CLUB BUSINESS CEVENNES","article_publisher":"https:\/\/www.facebook.com\/clubbusinesscevennes\/","article_published_time":"2024-03-12T10:17:26+00:00","article_modified_time":"2024-03-12T10:18:22+00:00","og_image":[{"width":480,"height":640,"url":"https:\/\/clubbusinesscevennes.fr\/wp-content\/uploads\/2024\/03\/Formation-min.jpg","type":"image\/jpeg"}],"author":"Club Business C\u00e9vennes","twitter_card":"summary_large_image","twitter_misc":{"\u00c9crit par":"Club Business C\u00e9vennes","Dur\u00e9e de lecture estim\u00e9e":"2 minutes"},"schema":{"@context":"https:\/\/schema.org","@graph":[{"@type":"Article","@id":"https:\/\/clubbusinesscevennes.fr\/index.php\/2024\/03\/12\/formation-reseaux-sociaux-28-fevrier-2024\/#article","isPartOf":{"@id":"https:\/\/clubbusinesscevennes.fr\/index.php\/2024\/03\/12\/formation-reseaux-sociaux-28-fevrier-2024\/"},"author":{"name":"Club Business C\u00e9vennes","@id":"https:\/\/clubbusinesscevennes.fr\/#\/schema\/person\/566320159fadd43c81a63d374168d7c4"},"headline":"Formation le 28 F\u00e9vrier 2024","datePublished":"2024-03-12T10:17:26+00:00","dateModified":"2024-03-12T10:18:22+00:00","mainEntityOfPage":{"@id":"https:\/\/clubbusinesscevennes.fr\/index.php\/2024\/03\/12\/formation-reseaux-sociaux-28-fevrier-2024\/"},"wordCount":55,"commentCount":0,"publisher":{"@id":"https:\/\/clubbusinesscevennes.fr\/#organization"},"image":{"@id":"https:\/\/clubbusinesscevennes.fr\/index.php\/2024\/03\/12\/formation-reseaux-sociaux-28-fevrier-2024\/#primaryimage"},"thumbnailUrl":"https:\/\/clubbusinesscevennes.fr\/wp-content\/uploads\/2024\/03\/Formation-min.jpg","inLanguage":"fr-FR","potentialAction":[{"@type":"CommentAction","name":"Comment","target":["https:\/\/clubbusinesscevennes.fr\/index.php\/2024\/03\/12\/formation-reseaux-sociaux-28-fevrier-2024\/#respond"]}]},{"@type":"WebPage","@id":"https:\/\/clubbusinesscevennes.fr\/index.php\/2024\/03\/12\/formation-reseaux-sociaux-28-fevrier-2024\/","url":"https:\/\/clubbusinesscevennes.fr\/index.php\/2024\/03\/12\/formation-reseaux-sociaux-28-fevrier-2024\/","name":"Formation le 28 F\u00e9vrier 2024 - CLUB BUSINESS CEVENNES","isPartOf":{"@id":"https:\/\/clubbusinesscevennes.fr\/#website"},"primaryImageOfPage":{"@id":"https:\/\/clubbusinesscevennes.fr\/index.php\/2024\/03\/12\/formation-reseaux-sociaux-28-fevrier-2024\/#primaryimage"},"image":{"@id":"https:\/\/clubbusinesscevennes.fr\/index.php\/2024\/03\/12\/formation-reseaux-sociaux-28-fevrier-2024\/#primaryimage"},"thumbnailUrl":"https:\/\/clubbusinesscevennes.fr\/wp-content\/uploads\/2024\/03\/Formation-min.jpg","datePublished":"2024-03-12T10:17:26+00:00","dateModified":"2024-03-12T10:18:22+00:00","description":"CLUB BUSINESS CEVENNES Formation le 28 F\u00e9vrier 2024","breadcrumb":{"@id":"https:\/\/clubbusinesscevennes.fr\/index.php\/2024\/03\/12\/formation-reseaux-sociaux-28-fevrier-2024\/#breadcrumb"},"inLanguage":"fr-FR","potentialAction":[{"@type":"ReadAction","target":["https:\/\/clubbusinesscevennes.fr\/index.php\/2024\/03\/12\/formation-reseaux-sociaux-28-fevrier-2024\/"]}]},{"@type":"ImageObject","inLanguage":"fr-FR","@id":"https:\/\/clubbusinesscevennes.fr\/index.php\/2024\/03\/12\/formation-reseaux-sociaux-28-fevrier-2024\/#primaryimage","url":"https:\/\/clubbusinesscevennes.fr\/wp-content\/uploads\/2024\/03\/Formation-min.jpg","contentUrl":"https:\/\/clubbusinesscevennes.fr\/wp-content\/uploads\/2024\/03\/Formation-min.jpg","width":480,"height":640,"caption":"Formation LinkedIn"},{"@type":"BreadcrumbList","@id":"https:\/\/clubbusinesscevennes.fr\/index.php\/2024\/03\/12\/formation-reseaux-sociaux-28-fevrier-2024\/#breadcrumb","itemListElement":[{"@type":"ListItem","position":1,"name":"Accueil","item":"https:\/\/clubbusinesscevennes.fr\/"},{"@type":"ListItem","position":2,"name":"Non class\u00e9","item":"https:\/\/clubbusinesscevennes.fr\/index.php\/category\/non-classe\/"},{"@type":"ListItem","position":3,"name":"Formation le 28 F\u00e9vrier 2024"}]},{"@type":"WebSite","@id":"https:\/\/clubbusinesscevennes.fr\/#website","url":"https:\/\/clubbusinesscevennes.fr\/","name":"CLUB BUSINESS CEVENNES","description":"Le r\u00e9seau de chefs d&#039;entreprises du bassin Al\u00e9sien s\u00e9lectionn\u00e9s pour leurs valeurs.","publisher":{"@id":"https:\/\/clubbusinesscevennes.fr\/#organization"},"potentialAction":[{"@type":"SearchAction","target":{"@type":"EntryPoint","urlTemplate":"https:\/\/clubbusinesscevennes.fr\/?s={search_term_string}"},"query-input":{"@type":"PropertyValueSpecification","valueRequired":true,"valueName":"search_term_string"}}],"inLanguage":"fr-FR"},{"@type":"Organization","@id":"https:\/\/clubbusinesscevennes.fr\/#organization","name":"Club Business Cevennes","url":"https:\/\/clubbusinesscevennes.fr\/","logo":{"@type":"ImageObject","inLanguage":"fr-FR","@id":"https:\/\/clubbusinesscevennes.fr\/#\/schema\/logo\/image\/","url":"https:\/\/clubbusinesscevennes.fr\/wp-content\/uploads\/2020\/10\/logo-cbc-.png","contentUrl":"https:\/\/clubbusinesscevennes.fr\/wp-content\/uploads\/2020\/10\/logo-cbc-.png","width":402,"height":336,"caption":"Club Business Cevennes"},"image":{"@id":"https:\/\/clubbusinesscevennes.fr\/#\/schema\/logo\/image\/"},"sameAs":["https:\/\/www.facebook.com\/clubbusinesscevennes\/"]},{"@type":"Person","@id":"https:\/\/clubbusinesscevennes.fr\/#\/schema\/person\/566320159fadd43c81a63d374168d7c4","name":"Club Business C\u00e9vennes","image":{"@type":"ImageObject","inLanguage":"fr-FR","@id":"https:\/\/secure.gravatar.com\/avatar\/5bf19075ea50202025d0767279475e2bd66f8574d5f3209e9abbc1fd1cd4a7ae?s=96&d=mm&r=g","url":"https:\/\/secure.gravatar.com\/avatar\/5bf19075ea50202025d0767279475e2bd66f8574d5f3209e9abbc1fd1cd4a7ae?s=96&d=mm&r=g","contentUrl":"https:\/\/secure.gravatar.com\/avatar\/5bf19075ea50202025d0767279475e2bd66f8574d5f3209e9abbc1fd1cd4a7ae?s=96&d=mm&r=g","caption":"Club Business C\u00e9vennes"}}]}},"_links":{"self":[{"href":"https:\/\/clubbusinesscevennes.fr\/index.php\/wp-json\/wp\/v2\/posts\/822","targetHints":{"allow":["GET"]}}],"collection":[{"href":"https:\/\/clubbusinesscevennes.fr\/index.php\/wp-json\/wp\/v2\/posts"}],"about":[{"href":"https:\/\/clubbusinesscevennes.fr\/index.php\/wp-json\/wp\/v2\/types\/post"}],"author":[{"embeddable":true,"href":"https:\/\/clubbusinesscevennes.fr\/index.php\/wp-json\/wp\/v2\/users\/1"}],"replies":[{"embeddable":true,"href":"https:\/\/clubbusinesscevennes.fr\/index.php\/wp-json\/wp\/v2\/comments?post=822"}],"version-history":[{"count":2,"href":"https:\/\/clubbusinesscevennes.fr\/index.php\/wp-json\/wp\/v2\/posts\/822\/revisions"}],"predecessor-version":[{"id":825,"href":"https:\/\/clubbusinesscevennes.fr\/index.php\/wp-json\/wp\/v2\/posts\/822\/revisions\/825"}],"wp:featuredmedia":[{"embeddable":true,"href":"https:\/\/clubbusinesscevennes.fr\/index.php\/wp-json\/wp\/v2\/media\/823"}],"wp:attachment":[{"href":"https:\/\/clubbusinesscevennes.fr\/index.php\/wp-json\/wp\/v2\/media?parent=822"}],"wp:term":[{"taxonomy":"category","embeddable":true,"href":"https:\/\/clubbusinesscevennes.fr\/index.php\/wp-json\/wp\/v2\/categories?post=822"},{"taxonomy":"post_tag","embeddable":true,"href":"https:\/\/clubbusinesscevennes.fr\/index.php\/wp-json\/wp\/v2\/tags?post=822"}],"curies":[{"name":"wp","href":"https:\/\/api.w.org\/{rel}","templated":true}]}}